{"id":6965,"date":"2021-06-04T09:35:34","date_gmt":"2021-06-04T09:35:34","guid":{"rendered":"https:\/\/www.hndfcrane.com\/posts\/dafang-crane-group-holds-2021-safety-month-kick-off-meeting\/"},"modified":"2021-06-04T09:35:34","modified_gmt":"2021-06-04T09:35:34","slug":"dafang-crane-group-holds-2021-safety-month-kick-off-meeting","status":"publish","type":"posts","link":"https:\/\/www.hndfcrane.com\/cs\/posts\/dafang-crane-group-holds-2021-safety-month-kick-off-meeting\/","title":{"rendered":"Dafang Crane Group po\u0159\u00e1d\u00e1 zahajovac\u00ed setk\u00e1n\u00ed m\u011bs\u00edce bezpe\u010dnosti 2021"},"content":{"rendered":"<p><p><img loading=\"lazy\" decoding=\"async\" src=\"\/wp-content\/uploads\/2021\/06\/banner-876-389.jpg\" alt=\" \u0161\u00ed\u0159ka=\"876\" height=\"389\" class=\"alignnone size-full wp-image-11853\" \/>[notphone][symmen_model id=11 cat=news_Info][\/notphone][phone][symmen_model id=12 cat=m-news_share][\/phone]<\/p>\n<p><span>1. \u010dervna <a href=\"https:\/\/www.hndfcrane.com\/cs\/about-us\/\">Je\u0159\u00e1b Dafang<\/a> V multifunk\u010dn\u00ed hale skupiny byl zah\u00e1jen m\u011bs\u00edc bezpe\u010dnosti skupiny s t\u00e9matem \u201eImplementace odpov\u011bdnosti za bezpe\u010dnost a podpora rozvoje bezpe\u010dnosti\u201c.<\/span><\/p>\n<p><img loading=\"lazy\" decoding=\"async\" src=\"\/wp-content\/uploads\/2021\/06\/Site-of-the-launching-ceremony-of-Safe-Production-Month.jpg\" alt=\" \u0161\u00ed\u0159ka=\"880\" height=\"522\" class=\"alignnone wp-image-11854\" \/><\/p>\n<p><span>Gener\u00e1ln\u00ed \u0159editel Liu Zijun, z\u00e1stupce gener\u00e1ln\u00edho \u0159editele Fu Jianchun, Li Xiaoning, Wang Yahui a dal\u0161\u00ed l\u00edd\u0159i a v\u00edce ne\u017e 1000 z\u00e1stupc\u016f zam\u011bstnanc\u016f se z\u00fa\u010dastnili. Slavnostn\u00edmu zah\u00e1jen\u00ed p\u0159edsedal Xue Fengyan, ministr bezpe\u010dnosti a \u017eivotn\u00edho prost\u0159ed\u00ed.<\/span><\/p>\n<p><img loading=\"lazy\" decoding=\"async\" src=\"\/wp-content\/uploads\/2021\/06\/General-Manager-Liu-Zijun-made-an-important-speech.jpg\" alt=\" \u0161\u00ed\u0159ka=\"880\" height=\"587\" class=\"alignnone wp-image-11855\" \/><\/p>\n<p><span>Na slavnostn\u00edm ceremoni\u00e1lu pan Liu p\u0159edlo\u017eil t\u0159i po\u017eadavky na to, jak prov\u00e1d\u011bt aktivity m\u011bs\u00edce bezpe\u010dnosti:<\/span><\/p>\n<p><span>Za prv\u00e9, pos\u00edlit u\u010den\u00ed a zlep\u0161it znalosti o bezpe\u010dnosti. V na\u0161\u00ed ka\u017edodenn\u00ed pr\u00e1ci a \u017eivot\u011b mus\u00edme pos\u00edlit u\u010den\u00ed znalost\u00ed o bezpe\u010dnosti v\u00fdroby, pos\u00edlit z\u00e1kladnu pro prevenci a \u0159e\u0161en\u00ed bezpe\u010dnostn\u00edch rizik, zv\u00fd\u0161it pov\u011bdom\u00ed o nebezpe\u010d\u00ed, b\u00fdt p\u0159ipraveni na nebezpe\u010d\u00ed v dob\u011b m\u00edru a l\u00e9pe budovat obrann\u00e9 linie.<\/span><\/p>\n<p>Za druh\u00e9, odhalit probl\u00e9my a pos\u00edlit implementaci. Pracovn\u00edci veden\u00ed skupiny by m\u011bli v\u00e1\u017en\u011b p\u0159evz\u00edt vlastn\u00ed odpov\u011bdnost za bezpe\u010dnost, b\u00fdt dob\u0159\u00ed v odhalov\u00e1n\u00ed bezpe\u010dnostn\u00edch probl\u00e9m\u016f p\u0159i pr\u00e1ci, posilovat zav\u00e1d\u011bn\u00ed preventivn\u00edch opat\u0159en\u00ed pro bezpe\u010dnost v\u00fdroby a zav\u00e1d\u011bt uspo\u0159\u00e1dan\u00fd a kontrolovateln\u00fd syst\u00e9m prevence bezpe\u010dnosti v\u00fdroby.<\/p>\n<p><span>Za t\u0159et\u00ed, formulujte pl\u00e1n a postupujte uspo\u0159\u00e1dan\u00fdm zp\u016fsobem. Formulujte bezpe\u010dnostn\u00ed pl\u00e1n v\u00fdroby, specifikujte bezpe\u010dnostn\u00ed odpov\u011bdnosti, integrujte jej do v\u0161ech aspekt\u016f v\u00fdroby a obchodn\u00edch aktivit a uspo\u0159\u00e1dan\u00fdm zp\u016fsobem posu\u0148te ka\u017edou pr\u00e1ci v pl\u00e1nu.<\/span><\/p>\n<p><img loading=\"lazy\" decoding=\"async\" src=\"\/wp-content\/uploads\/2021\/06\/Deputy-General-Manager-Fu-Jianchun-announced-the-Safety-Production-Month-Activity-Plan.jpg\" alt=\" \u0161\u00ed\u0159ka=\"880\" height=\"587\" class=\"alignnone wp-image-11856\" \/><\/p>\n<p>Z\u00e1stupce gener\u00e1ln\u00edho \u0159editele Fu Jianchun ozn\u00e1mil \u201ePl\u00e1n \u010dinnost\u00ed pro m\u011bs\u00edc bezpe\u010dn\u00e9 v\u00fdroby\u201c.<\/p>\n<p><img loading=\"lazy\" decoding=\"async\" src=\"\/wp-content\/uploads\/2021\/06\/Deputy-General-Manager-Li-Xiaoning-read-out-the-Notice-of-Summer-Heat-Prevention-Work.jpg\" alt=\" \u0161\u00ed\u0159ka=\"880\" height=\"587\" class=\"alignnone wp-image-11857\" \/><\/p>\n<p>Z\u00e1stupce gener\u00e1ln\u00edho \u0159editele Li Xiaoning p\u0159e\u010detl \u201eOzn\u00e1men\u00ed o prac\u00edch na prevenci letn\u00edch veder\u201c.<\/p>\n<p><img loading=\"lazy\" decoding=\"async\" src=\"\/wp-content\/uploads\/2021\/06\/Xue-Fengyan-Minister-of-Safety-and-Environment-Department-presided-over-the-ceremony.jpg\" alt=\" \u0161\u00ed\u0159ka=\"880\" height=\"587\" class=\"alignnone wp-image-11858\" \/><\/p>\n<p>Ceremoni\u00e1lu p\u0159edsedal Xue Fengyan, ministr bezpe\u010dnosti a \u017eivotn\u00edho prost\u0159ed\u00ed.<\/p>\n<p><img loading=\"lazy\" decoding=\"async\" src=\"\/wp-content\/uploads\/2021\/06\/Oath-of-all-participants.jpg\" alt=\" \u0161\u00ed\u0159ka=\"880\" height=\"532\" class=\"alignnone wp-image-11859\" \/><\/p>\n<p><span>P\u0159\u00edsaha v\u0161ech \u00fa\u010dastn\u00edk\u016f.<\/span><\/p>\n<p><span>V\u011b\u0159\u00edm, \u017ee po tomto bezpe\u010dnostn\u00edm k\u0159tu se m\u016f\u017ee ka\u017ed\u00fd zam\u011bstnanec skute\u010dn\u011b vydat na cestu bezpe\u010d\u00ed, aby se o bezpe\u010dnosti mluvilo, p\u0159edch\u00e1zelo se nehod\u00e1m, na bezpe\u010dnost se nezapom\u00ednalo, r\u00e1d pracoval a \u0161el bezpe\u010dn\u011b dom\u016f. Budeme se sna\u017eit podporovat bezpe\u010dn\u00fd a vysoce kvalitn\u00ed rozvoj Dafang Crane Group.<\/span><\/p><\/p>","protected":false},"excerpt":{"rendered":"Gener\u00e1ln\u00ed \u0159editel Liu Zijun, z\u00e1stupce gener\u00e1ln\u00edho \u0159editele Fu Jianchun, Li Xiaoning, Wang Yahui a dal\u0161\u00ed vedouc\u00ed a v\u00edce ne\u017e 1000 z\u00e1stupc\u016f zam\u011bstnanc\u016f se z\u00fa\u010dastnili. Slavnostn\u00edmu zah\u00e1jen\u00ed p\u0159edsedal Xue Fengyan, ministr bezpe\u010dnosti a \u017eivotn\u00edho prost\u0159ed\u00ed. Z\u00e1stupce gener\u00e1ln\u00edho \u0159editele Fu Jianchun ozn\u00e1mil \u201ePl\u00e1n \u010dinnost\u00ed pro m\u011bs\u00edc bezpe\u010dn\u00e9 v\u00fdroby\u201c. Xue Fengyan, ministr bezpe\u010dnosti [\u2026]","protected":false},"featured_media":5881,"parent":0,"menu_order":0,"template":"","posts_category":[7],"posts_tag":[],"acf":[],"_links":{"self":[{"href":"https:\/\/www.hndfcrane.com\/cs\/wp-json\/wp\/v2\/xmxposts\/6965"}],"collection":[{"href":"https:\/\/www.hndfcrane.com\/cs\/wp-json\/wp\/v2\/xmxposts"}],"about":[{"href":"https:\/\/www.hndfcrane.com\/cs\/wp-json\/wp\/v2\/types\/posts"}],"version-history":[{"count":0,"href":"https:\/\/www.hndfcrane.com\/cs\/wp-json\/wp\/v2\/xmxposts\/6965\/revisions"}],"wp:featuredmedia":[{"embeddable":true,"href":"https:\/\/www.hndfcrane.com\/cs\/wp-json\/wp\/v2\/media\/5881"}],"wp:attachment":[{"href":"https:\/\/www.hndfcrane.com\/cs\/wp-json\/wp\/v2\/media?parent=6965"}],"wp:term":[{"taxonomy":"posts_category","embeddable":true,"href":"https:\/\/www.hndfcrane.com\/cs\/wp-json\/wp\/v2\/posts_category?post=6965"},{"taxonomy":"posts_tag","embeddable":true,"href":"https:\/\/www.hndfcrane.com\/cs\/wp-json\/wp\/v2\/posts_tag?post=6965"}],"curies":[{"name":"wp","href":"https:\/\/api.w.org\/{rel}","templated":true}]}}