{"id":6965,"date":"2021-06-04T09:35:34","date_gmt":"2021-06-04T09:35:34","guid":{"rendered":"https:\/\/www.hndfcrane.com\/posts\/dafang-crane-group-holds-2021-safety-month-kick-off-meeting\/"},"modified":"2021-06-04T09:35:34","modified_gmt":"2021-06-04T09:35:34","slug":"dafang-crane-group-holds-2021-safety-month-kick-off-meeting","status":"publish","type":"posts","link":"https:\/\/www.hndfcrane.com\/fr\/posts\/dafang-crane-group-holds-2021-safety-month-kick-off-meeting\/","title":{"rendered":"Dafang Crane Group organise la r\u00e9union de lancement du mois de la s\u00e9curit\u00e9 2021"},"content":{"rendered":"<p><p><img loading=\"lazy\" decoding=\"async\" src=\"\/wp-content\/uploads\/2021\/06\/banner-876-389.jpg\" alt=\" largeur=\"876\" height=\"389\" class=\"alignnone size-full wp-image-11853\" \/>[notphone][symmen_model id=11 cat=news_Info][\/notphone][phone][symmen_model id=12 cat=m-news_share][\/phone]<\/p>\n<p><span>Le 1er juin, <a href=\"https:\/\/www.hndfcrane.com\/fr\/about-us\/\">Grue Dafang<\/a> Le mois de la s\u00e9curit\u00e9 du groupe sur le th\u00e8me \u00ab Mettre en \u0153uvre les responsabilit\u00e9s en mati\u00e8re de s\u00e9curit\u00e9 et promouvoir le d\u00e9veloppement de la s\u00e9curit\u00e9 \u00bb a \u00e9t\u00e9 lanc\u00e9 dans la salle multifonctionnelle du groupe.<\/span><\/p>\n<p><img loading=\"lazy\" decoding=\"async\" src=\"\/wp-content\/uploads\/2021\/06\/Site-of-the-launching-ceremony-of-Safe-Production-Month.jpg\" alt=\" largeur=\"880\" height=\"522\" class=\"alignnone wp-image-11854\" \/><\/p>\n<p><span>Le directeur g\u00e9n\u00e9ral Liu Zijun, le directeur g\u00e9n\u00e9ral adjoint Fu Jianchun, Li Xiaoning, Wang Yahui et d&#39;autres dirigeants ainsi que plus de 1 000 repr\u00e9sentants des employ\u00e9s \u00e9taient pr\u00e9sents. La c\u00e9r\u00e9monie de lancement a \u00e9t\u00e9 pr\u00e9sid\u00e9e par Xue Fengyan, ministre de la S\u00e9curit\u00e9 et de l&#39;Environnement.<\/span><\/p>\n<p><img loading=\"lazy\" decoding=\"async\" src=\"\/wp-content\/uploads\/2021\/06\/General-Manager-Liu-Zijun-made-an-important-speech.jpg\" alt=\" largeur=\"880\" height=\"587\" class=\"alignnone wp-image-11855\" \/><\/p>\n<p><span>Lors de la c\u00e9r\u00e9monie, M. Liu a avanc\u00e9 trois exigences sur la mani\u00e8re de mener \u00e0 bien les activit\u00e9s du mois de la s\u00e9curit\u00e9 :<\/span><\/p>\n<p><span>Premi\u00e8rement, renforcer l\u2019apprentissage et am\u00e9liorer les connaissances en mati\u00e8re de s\u00e9curit\u00e9. Dans notre travail et notre vie quotidienne, nous devons renforcer l&#39;apprentissage des connaissances en mati\u00e8re de production de s\u00e9curit\u00e9, renforcer les bases de pr\u00e9vention et de r\u00e9solution des risques de s\u00e9curit\u00e9, accro\u00eetre la conscience du danger, nous pr\u00e9parer au danger en temps de paix et mieux construire des lignes de d\u00e9fense.<\/span><\/p>\n<p>Deuxi\u00e8mement, d\u00e9couvrir les probl\u00e8mes et renforcer la mise en \u0153uvre. Le personnel de direction du groupe doit assumer s\u00e9rieusement ses propres responsabilit\u00e9s en mati\u00e8re de s\u00e9curit\u00e9, \u00eatre dou\u00e9 pour d\u00e9couvrir les probl\u00e8mes de s\u00e9curit\u00e9 au travail, renforcer la mise en \u0153uvre des mesures de pr\u00e9vention de la production de s\u00e9curit\u00e9 et \u00e9tablir un syst\u00e8me de pr\u00e9vention de la production de s\u00e9curit\u00e9 ordonn\u00e9 et contr\u00f4lable.<\/p>\n<p><span>Troisi\u00e8mement, formulez un plan et proc\u00e9dez de mani\u00e8re ordonn\u00e9e. Formuler un plan de production de s\u00e9curit\u00e9, sp\u00e9cifier les responsabilit\u00e9s en mati\u00e8re de s\u00e9curit\u00e9, l&#39;int\u00e9grer dans tous les aspects de la production et des activit\u00e9s commerciales et faire avancer chaque travail du plan de mani\u00e8re ordonn\u00e9e.<\/span><\/p>\n<p><img loading=\"lazy\" decoding=\"async\" src=\"\/wp-content\/uploads\/2021\/06\/Deputy-General-Manager-Fu-Jianchun-announced-the-Safety-Production-Month-Activity-Plan.jpg\" alt=\" largeur=\"880\" height=\"587\" class=\"alignnone wp-image-11856\" \/><\/p>\n<p>Le directeur g\u00e9n\u00e9ral adjoint Fu Jianchun a annonc\u00e9 le \u00ab Plan d\u2019activit\u00e9 du mois de production de s\u00e9curit\u00e9 \u00bb.<\/p>\n<p><img loading=\"lazy\" decoding=\"async\" src=\"\/wp-content\/uploads\/2021\/06\/Deputy-General-Manager-Li-Xiaoning-read-out-the-Notice-of-Summer-Heat-Prevention-Work.jpg\" alt=\" largeur=\"880\" height=\"587\" class=\"alignnone wp-image-11857\" \/><\/p>\n<p>Le directeur g\u00e9n\u00e9ral adjoint Li Xiaoning a lu \u00ab l\u2019Avis des travaux de pr\u00e9vention de la chaleur estivale \u00bb.<\/p>\n<p><img loading=\"lazy\" decoding=\"async\" src=\"\/wp-content\/uploads\/2021\/06\/Xue-Fengyan-Minister-of-Safety-and-Environment-Department-presided-over-the-ceremony.jpg\" alt=\" largeur=\"880\" height=\"587\" class=\"alignnone wp-image-11858\" \/><\/p>\n<p>Xue Fengyan, ministre de la S\u00e9curit\u00e9 et de l&#39;Environnement, a pr\u00e9sid\u00e9 la c\u00e9r\u00e9monie.<\/p>\n<p><img loading=\"lazy\" decoding=\"async\" src=\"\/wp-content\/uploads\/2021\/06\/Oath-of-all-participants.jpg\" alt=\" largeur=\"880\" height=\"532\" class=\"alignnone wp-image-11859\" \/><\/p>\n<p><span>Serment de tous les participants.<\/span><\/p>\n<p><span>Je crois qu&#39;apr\u00e8s ce bapt\u00eame de la s\u00e9curit\u00e9, chaque employ\u00e9 peut v\u00e9ritablement se lancer dans le voyage de la s\u00e9curit\u00e9, pour garantir que la s\u00e9curit\u00e9 doit \u00eatre \u00e9voqu\u00e9e, que les accidents doivent \u00eatre \u00e9vit\u00e9s, que la s\u00e9curit\u00e9 ne sera pas oubli\u00e9e, qu&#39;elle sera heureuse de travailler et de rentrer chez elle en toute s\u00e9curit\u00e9. Nous nous efforcerons de promouvoir le d\u00e9veloppement s\u00fbr et de haute qualit\u00e9 du groupe Dafang Crane.<\/span><\/p><\/p>","protected":false},"excerpt":{"rendered":"Le directeur g\u00e9n\u00e9ral Liu Zijun, le directeur g\u00e9n\u00e9ral adjoint Fu Jianchun, Li Xiaoning, Wang Yahui et d&#39;autres dirigeants, ainsi que plus de 1\u00a0000 repr\u00e9sentants des salari\u00e9s, \u00e9taient pr\u00e9sents. La c\u00e9r\u00e9monie de lancement a \u00e9t\u00e9 pr\u00e9sid\u00e9e par Xue Fengyan, ministre de la S\u00e9curit\u00e9 et de l&#39;Environnement. Le directeur g\u00e9n\u00e9ral adjoint Fu Jianchun a annonc\u00e9 le \u00ab\u00a0Plan d&#39;activit\u00e9s du Mois de la production de s\u00e9curit\u00e9\u00a0\u00bb. Xue Fengyan, ministre de la S\u00e9curit\u00e9 [\u2026]","protected":false},"featured_media":5881,"parent":0,"menu_order":0,"template":"","posts_category":[7],"posts_tag":[],"acf":[],"_links":{"self":[{"href":"https:\/\/www.hndfcrane.com\/fr\/wp-json\/wp\/v2\/xmxposts\/6965"}],"collection":[{"href":"https:\/\/www.hndfcrane.com\/fr\/wp-json\/wp\/v2\/xmxposts"}],"about":[{"href":"https:\/\/www.hndfcrane.com\/fr\/wp-json\/wp\/v2\/types\/posts"}],"version-history":[{"count":0,"href":"https:\/\/www.hndfcrane.com\/fr\/wp-json\/wp\/v2\/xmxposts\/6965\/revisions"}],"wp:featuredmedia":[{"embeddable":true,"href":"https:\/\/www.hndfcrane.com\/fr\/wp-json\/wp\/v2\/media\/5881"}],"wp:attachment":[{"href":"https:\/\/www.hndfcrane.com\/fr\/wp-json\/wp\/v2\/media?parent=6965"}],"wp:term":[{"taxonomy":"posts_category","embeddable":true,"href":"https:\/\/www.hndfcrane.com\/fr\/wp-json\/wp\/v2\/posts_category?post=6965"},{"taxonomy":"posts_tag","embeddable":true,"href":"https:\/\/www.hndfcrane.com\/fr\/wp-json\/wp\/v2\/posts_tag?post=6965"}],"curies":[{"name":"wp","href":"https:\/\/api.w.org\/{rel}","templated":true}]}}