{"id":6958,"date":"2021-05-14T02:39:55","date_gmt":"2021-05-14T02:39:55","guid":{"rendered":"https:\/\/www.hndfcrane.com\/posts\/free-standing-jib-crane-parts\/"},"modified":"2024-09-09T07:25:30","modified_gmt":"2024-09-09T07:25:30","slug":"free-standing-jib-crane-parts","status":"publish","type":"posts","link":"https:\/\/www.hndfcrane.com\/sv\/posts\/free-standing-jib-crane-parts\/","title":{"rendered":"Frist\u00e5ende jibbkrandelar"},"content":{"rendered":"<p><p><img loading=\"lazy\" decoding=\"async\" src=\"\/wp-content\/uploads\/2021\/05\/jib-crane-banner-14.jpg\" alt=\" bredd=\"876\" height=\"389\" class=\"alignnone size-full wp-image-11684\" \/>[notphone][symmen_model id=11 cat=news_Info][\/notphone][phone][symmen_model id=12 cat=m-news_share][\/phone]<\/p>\n<p><span><a href=\"https:\/\/www.hndfcrane.com\/sv\/free-standing-jib-cranes\/\">Frist\u00e5ende sv\u00e4ngkran<\/a> \u00e4r den mest anv\u00e4nda lyftutrustningen i dagens produktion, vilka \u00e4r f\u00f6rdelarna med en kran med fast pelare, den \u00e4r mycket p\u00e5litlig, l\u00e4mpar sig f\u00f6r korta avst\u00e5nd frekventa lyftuppgifter, flexibel drift, kraftigt f\u00f6rb\u00e4ttrad effektivitet.<\/span><\/p>\n<p><span>Fockkranen av pelartyp har m\u00e5nga specifikationer och en komplett serie, med en lyftkapacitet p\u00e5 250kg-5000kg, en jibbl\u00e4ngd p\u00e5 upp till 6m och en rotationsvinkel p\u00e5 360 grader. Med bearbetningsteknik i europeisk stil har den enkel struktur, bekv\u00e4m drift, flexibel rotation och stort driftsomr\u00e5de och \u00e4r l\u00e4mplig f\u00f6r anv\u00e4ndning p\u00e5 fasta platser som dockor, lager och verkst\u00e4der.<\/span><\/p>\n<p><span>Sammans\u00e4ttning av pelarfockkran: Den best\u00e5r av pelarstruktur, jibbstruktur, roterande mekanism, kraftf\u00f6rdelningssystem och lyftmekanism.<\/span><\/p>\n<p><img loading=\"lazy\" decoding=\"async\" src=\"\/wp-content\/uploads\/2021\/05\/\u7acb\u67f1\u60ac\u81c2_2.png\" alt=\" bredd=\"750\" height=\"840\" class=\"alignnone size-full wp-image-11685\" \/><\/p>\n<h4><span>Sv\u00e4ngkranen av pelartyp best\u00e5r av fem delar<\/span><\/h4>\n<p><span>1. pelaren \u00e4r frib\u00e4rande kranens roterande armst\u00f6d fixerat, dess \u00f6vre och nedre st\u00f6d genom att b\u00e4ra radiell kraft och axiell kraft av den enradiga koniska rullagerkompositionen.<\/span><\/p>\n<p><span>2. Den roterande armen \u00e4r svetsad av kombinationen av I-balk och st\u00f6d, vars funktion \u00e4r att realisera den horisontella r\u00f6relsen av elektrisk eller manuell vagn och upp- och nedlyftverkan av elektrisk hiss, och att rotera runt pelaren.<\/span><\/p>\n<p><span>3. St\u00f6darmen spelar en st\u00f6djande roll f\u00f6r den roterande armen och \u00f6kar den roterande armens b\u00f6jmotst\u00e5nd och styrka. Den driver v\u00e4lten genom reduktionsanordningen f\u00f6r att realisera den elektriska sv\u00e4ngningen av sv\u00e4ngkranen.<\/span><\/p>\n<p><span>4. Den elektriska kedjetelfern lyfter tunga f\u00f6rem\u00e5l och r\u00f6r sig horisontellt l\u00e4ngs den roterande armen, och dess strukturella egenskaper beskrivs i instruktionsboken f\u00f6r den elektriska kedjetelfern.<\/span><\/p>\n<p><span>5. den elektriska delen av C-sp\u00e5ret plus flatkabel str\u00f6mf\u00f6rs\u00f6rjningssystem, l\u00e5gsp\u00e4nningsinterstyrd s\u00e4kerhetssp\u00e4nning f\u00f6r drift, med den elektriska handd\u00f6rrknappen f\u00f6r att uppn\u00e5 kontroll, respektive, f\u00f6r att styra den elektriska kedjetelfern snabbt upp, snabbt ner, sakta ner, sakta ner, liksom hissen l\u00f6pande vagn g\u00e5ng och frib\u00e4rande kran v\u00e4nster och h\u00f6ger rotation, samlarringen i kolonnen f\u00f6r att ge str\u00f6mf\u00f6rs\u00f6rjning n\u00e4r frib\u00e4raren godtycklig rotation.<\/span><\/p><\/p>","protected":false},"excerpt":{"rendered":"Fockkranen av pelartyp \u00e4r sammansatt av fem delar 1. pelaren \u00e4r frib\u00e4rande kranens roterande armst\u00f6d fixerat, dess \u00f6vre och nedre st\u00f6d genom att b\u00e4ra radiell kraft och axiell kraft av den enradiga koniska rullagerkompositionen. 2. Den roterande armen \u00e4r svetsad av kombinationen av I-balk och st\u00f6d, vars funktion [\u2026]","protected":false},"featured_media":5806,"parent":0,"menu_order":0,"template":"","posts_category":[197],"posts_tag":[43],"acf":[],"_links":{"self":[{"href":"https:\/\/www.hndfcrane.com\/sv\/wp-json\/wp\/v2\/xmxposts\/6958"}],"collection":[{"href":"https:\/\/www.hndfcrane.com\/sv\/wp-json\/wp\/v2\/xmxposts"}],"about":[{"href":"https:\/\/www.hndfcrane.com\/sv\/wp-json\/wp\/v2\/types\/posts"}],"version-history":[{"count":1,"href":"https:\/\/www.hndfcrane.com\/sv\/wp-json\/wp\/v2\/xmxposts\/6958\/revisions"}],"predecessor-version":[{"id":9192,"href":"https:\/\/www.hndfcrane.com\/sv\/wp-json\/wp\/v2\/xmxposts\/6958\/revisions\/9192"}],"wp:featuredmedia":[{"embeddable":true,"href":"https:\/\/www.hndfcrane.com\/sv\/wp-json\/wp\/v2\/media\/5806"}],"wp:attachment":[{"href":"https:\/\/www.hndfcrane.com\/sv\/wp-json\/wp\/v2\/media?parent=6958"}],"wp:term":[{"taxonomy":"posts_category","embeddable":true,"href":"https:\/\/www.hndfcrane.com\/sv\/wp-json\/wp\/v2\/posts_category?post=6958"},{"taxonomy":"posts_tag","embeddable":true,"href":"https:\/\/www.hndfcrane.com\/sv\/wp-json\/wp\/v2\/posts_tag?post=6958"}],"curies":[{"name":"wp","href":"https:\/\/api.w.org\/{rel}","templated":true}]}}