{"id":6976,"date":"2021-08-10T08:41:26","date_gmt":"2021-08-10T08:41:26","guid":{"rendered":"https:\/\/www.hndfcrane.com\/posts\/dafang-crane-group-holds-2021-fire-emergency-rescue-drill\/"},"modified":"2021-08-10T08:41:26","modified_gmt":"2021-08-10T08:41:26","slug":"dafang-crane-group-holds-2021-fire-emergency-rescue-drill","status":"publish","type":"posts","link":"https:\/\/www.hndfcrane.com\/sv\/posts\/dafang-crane-group-holds-2021-fire-emergency-rescue-drill\/","title":{"rendered":"Dafang Crane Group h\u00e5ller 2021 brandr\u00e4ddnings\u00f6vning"},"content":{"rendered":"<p><p><img loading=\"lazy\" decoding=\"async\" src=\"\/wp-content\/uploads\/2021\/08\/banner-Personnel-participating-in-this-exercise-876-389.jpg\" alt=\" bredd=\"876\" height=\"389\" class=\"alignnone size-full wp-image-12357\" \/>[notphone][symmen_model id=11 cat=news_Info][\/notphone][phone][symmen_model id=12 cat=m-news_share][\/phone]<\/p>\n<p>Elden \u00e4r skoningsl\u00f6s och brandbek\u00e4mpning har f\u00f6retr\u00e4de. F\u00f6r att \u00f6ka de anst\u00e4lldas medvetenhet om brands\u00e4kerhet och f\u00f6rb\u00e4ttra deras f\u00f6rm\u00e5ga att r\u00e4dda varandra i en brand, h\u00f6ll Dafang Crane Group p\u00e5 eftermiddagen den 2 augusti en storslagen n\u00f6dr\u00e4ddnings\u00f6vning f\u00f6r brand\u00f6vningar 2021.<\/p>\n<p><img loading=\"lazy\" decoding=\"async\" src=\"\/wp-content\/uploads\/2021\/08\/General-Manager-Liu-Zijun-announced-the-official-start-of-the-drill.jpg\" alt=\" bredd=\"880\" height=\"587\" class=\"alignnone wp-image-12358\" \/><\/p>\n<p>Med tillk\u00e4nnagivandet av Liu b\u00f6rjade brand\u00f6vningen officiellt klockan 16:16.<\/p>\n<p>I denna \u00f6vning anlades katastrofsituationen som en brand i ett kontor p\u00e5 fj\u00e4rde v\u00e5ningen. Kontorets anst\u00e4llda uppt\u00e4ckte branden, men f\u00f6rs\u00f6ket att sl\u00e4cka branden misslyckades. Branden spred sig \u00f6ver hela kontorsbyggnaden. Efter att ha sett katastrofen organiserade r\u00e4ddningsteamet snabbt evakuering, r\u00e4ddning och brandbek\u00e4mpning.<\/p>\n<p><img loading=\"lazy\" decoding=\"async\" src=\"\/wp-content\/uploads\/2021\/08\/On-site-commander-Xue-Fengyan-organized-an-emergency-team-action.jpg\" alt=\" bredd=\"880\" height=\"559\" class=\"alignnone wp-image-12359\" \/><\/p>\n<p><span>Enligt platsen f\u00f6r branden organiserade bef\u00e4lhavaren Xue Fengyan p\u00e5 plats personal f\u00f6r r\u00e4ddningsteam att g\u00e5 in fr\u00e5n den fr\u00e4mre ing\u00e5ngen till kontorsbyggnaden, samtidigt som de anst\u00e4llda evakuerades f\u00f6r att evakuera s\u00e4kert, letade efter brandk\u00e4llan f\u00f6r att sl\u00e4cka branden och r\u00e4dda de inst\u00e4ngda personerna. Under \u00f6vningen r\u00f6rde sig r\u00e4ddarna snabbt, samarbetade med varandra och genomf\u00f6rde uppgiften effektivt.<\/span><\/p>\n<p><img loading=\"lazy\" decoding=\"async\" src=\"\/wp-content\/uploads\/2021\/08\/Rescuers-quickly-entered-the-office-building.jpg\" alt=\" bredd=\"880\" height=\"587\" class=\"alignnone wp-image-12360\" \/><\/p>\n<p>R\u00e4ddningspersonal tog sig snabbt in i kontorsbyggnaden.<\/p>\n<p><img loading=\"lazy\" decoding=\"async\" src=\"\/wp-content\/uploads\/2021\/08\/Rescuers-found-the-source-of-the-fire-to-put-out-the-fire.jpg\" alt=\" bredd=\"880\" height=\"587\" class=\"alignnone wp-image-12361\" \/><\/p>\n<p><span>R\u00e4ddningspersonal hittade brandk\u00e4llan f\u00f6r att sl\u00e4cka branden.<\/span><\/p>\n<p><img loading=\"lazy\" decoding=\"async\" src=\"\/wp-content\/uploads\/2021\/08\/Rescuers-conduct-search-and-rescue.jpg\" alt=\" bredd=\"880\" height=\"587\" class=\"alignnone wp-image-12362\" \/><\/p>\n<p>R\u00e4ddare bedriver s\u00f6k och r\u00e4ddning.<\/p>\n<p><img loading=\"lazy\" decoding=\"async\" src=\"\/wp-content\/uploads\/2021\/08\/Rescuers-evacuated-and-evacuated-employees.jpg\" alt=\" bredd=\"880\" height=\"587\" class=\"alignnone wp-image-12363\" \/><\/p>\n<p>R\u00e4ddare evakuerade och evakuerade anst\u00e4llda.<\/p>\n<p>Efter \u00f6vningen kommenterade Liu \u00f6vningen. Han f\u00f6rklarade vikten av denna brand\u00f6vning f\u00f6r gruppen och individer, och bekr\u00e4ftade de skickliga aff\u00e4rskunskaperna hos r\u00e4ddningspersonalen som var involverade i \u00f6vningen, lydnad mot order, lydnad mot kommandon, metodiskt och steg-f\u00f6r-steg arbete.<\/p>\n<p><img loading=\"lazy\" decoding=\"async\" src=\"\/wp-content\/uploads\/2021\/08\/Personnel-participating-in-this-exercise.jpg\" alt=\" bredd=\"880\" height=\"579\" class=\"alignnone wp-image-12364\" \/><\/p>\n<p><span>Genom denna \u00f6vning har alla Dafang-m\u00e4nniskor f\u00e5tt mycket, samlat p\u00e5 sig erfarenhet, st\u00e4rkt brandbek\u00e4mpnings\u00e5tg\u00e4rderna och uppn\u00e5tt tr\u00e4ningseffekten.<\/span><\/p><\/p>","protected":false},"excerpt":{"rendered":"Med tillk\u00e4nnagivandet av Mr. Liu b\u00f6rjade brand\u00f6vningen officiellt klockan 16:16. I denna \u00f6vning utreddes katastrofsituationen som en brand i ett kontor p\u00e5 fj\u00e4rde v\u00e5ningen. Kontorsanst\u00e4llda uppt\u00e4ckte branden, men f\u00f6rs\u00f6ket att sl\u00e4cka branden misslyckades. Elden spred sig i hela kontorsbyggnaden. Efter att ha sett [\u2026]","protected":false},"featured_media":6073,"parent":0,"menu_order":0,"template":"","posts_category":[7],"posts_tag":[],"acf":[],"_links":{"self":[{"href":"https:\/\/www.hndfcrane.com\/sv\/wp-json\/wp\/v2\/xmxposts\/6976"}],"collection":[{"href":"https:\/\/www.hndfcrane.com\/sv\/wp-json\/wp\/v2\/xmxposts"}],"about":[{"href":"https:\/\/www.hndfcrane.com\/sv\/wp-json\/wp\/v2\/types\/posts"}],"version-history":[{"count":0,"href":"https:\/\/www.hndfcrane.com\/sv\/wp-json\/wp\/v2\/xmxposts\/6976\/revisions"}],"wp:featuredmedia":[{"embeddable":true,"href":"https:\/\/www.hndfcrane.com\/sv\/wp-json\/wp\/v2\/media\/6073"}],"wp:attachment":[{"href":"https:\/\/www.hndfcrane.com\/sv\/wp-json\/wp\/v2\/media?parent=6976"}],"wp:term":[{"taxonomy":"posts_category","embeddable":true,"href":"https:\/\/www.hndfcrane.com\/sv\/wp-json\/wp\/v2\/posts_category?post=6976"},{"taxonomy":"posts_tag","embeddable":true,"href":"https:\/\/www.hndfcrane.com\/sv\/wp-json\/wp\/v2\/posts_tag?post=6976"}],"curies":[{"name":"wp","href":"https:\/\/api.w.org\/{rel}","templated":true}]}}