{"id":6965,"date":"2021-06-04T09:35:34","date_gmt":"2021-06-04T09:35:34","guid":{"rendered":"https:\/\/www.hndfcrane.com\/posts\/dafang-crane-group-holds-2021-safety-month-kick-off-meeting\/"},"modified":"2021-06-04T09:35:34","modified_gmt":"2021-06-04T09:35:34","slug":"dafang-crane-group-holds-2021-safety-month-kick-off-meeting","status":"publish","type":"posts","link":"https:\/\/www.hndfcrane.com\/tr\/posts\/dafang-crane-group-holds-2021-safety-month-kick-off-meeting\/","title":{"rendered":"Dafang Crane Group, 2021 G\u00fcvenlik Ay\u0131 Ba\u015flang\u0131\u00e7 Toplant\u0131s\u0131n\u0131 D\u00fczenledi"},"content":{"rendered":"<p><p><img loading=\"lazy\" decoding=\"async\" src=\"\/wp-content\/uploads\/2021\/06\/banner-876-389.jpg\" alt=\" geni\u015flik=\"876\" height=\"389\" class=\"alignnone size-full wp-image-11853\" \/>[notphone]<\/p>\n<p><span>1 Haziran&#39;da <a href=\"https:\/\/www.hndfcrane.com\/tr\/about-us\/\">Dafang Vin\u00e7<\/a> Grubun \u201cG\u00fcvenlik Sorumluluklar\u0131n\u0131 Uygulama ve G\u00fcvenlik Geli\u015fimini Te\u015fvik Etme\u201d temal\u0131 g\u00fcvenlik ay\u0131 etkinli\u011fi, grubun \u00e7ok ama\u00e7l\u0131 salonunda ba\u015flat\u0131ld\u0131.<\/span><\/p>\n<p><img loading=\"lazy\" decoding=\"async\" src=\"\/wp-content\/uploads\/2021\/06\/Site-of-the-launching-ceremony-of-Safe-Production-Month.jpg\" alt=\" geni\u015flik=\"880\" height=\"522\" class=\"alignnone wp-image-11854\" \/><\/p>\n<p><span>Genel M\u00fcd\u00fcr Liu Zijun, Genel M\u00fcd\u00fcr Yard\u0131mc\u0131s\u0131 Fu Jianchun, Li Xiaoning, Wang Yahui ve di\u011fer liderler ile 1.000&#39;den fazla \u00e7al\u0131\u015fan temsilcisi kat\u0131ld\u0131. F\u0131rlatma t\u00f6renine G\u00fcvenlik ve \u00c7evre Departman\u0131 Bakan\u0131 Xue Fengyan ba\u015fkanl\u0131k etti.<\/span><\/p>\n<p><img loading=\"lazy\" decoding=\"async\" src=\"\/wp-content\/uploads\/2021\/06\/General-Manager-Liu-Zijun-made-an-important-speech.jpg\" alt=\" geni\u015flik=\"880\" height=\"587\" class=\"alignnone wp-image-11855\" \/><\/p>\n<p><span>T\u00f6rende Bay Liu, g\u00fcvenlik ay\u0131 faaliyetlerinin nas\u0131l y\u00fcr\u00fct\u00fclece\u011fine dair \u00fc\u00e7 gereklilik \u00f6ne s\u00fcrd\u00fc:<\/span><\/p>\n<p><span>\u0130lk olarak, \u00f6\u011frenmeyi g\u00fc\u00e7lendirin ve g\u00fcvenlik bilgisini geli\u015ftirin. G\u00fcnl\u00fck i\u015flerimizde ve hayat\u0131m\u0131zda, emniyet \u00fcretimi bilgisini \u00f6\u011frenmeyi g\u00fc\u00e7lendirmeli, emniyet risklerini \u00f6nleme ve \u00e7\u00f6zme temelini g\u00fc\u00e7lendirmeli, tehlike fark\u0131ndal\u0131\u011f\u0131n\u0131 geli\u015ftirmeli, bar\u0131\u015f zaman\u0131nda tehlikeye haz\u0131rl\u0131kl\u0131 olmal\u0131 ve daha iyi savunma hatlar\u0131 in\u015fa etmeliyiz.<\/span><\/p>\n<p>\u0130kincisi, sorunlar\u0131 ke\u015ffedin ve uygulamay\u0131 g\u00fc\u00e7lendirin. Grup y\u00f6netimi personeli, kendi g\u00fcvenlik sorumluluklar\u0131n\u0131 ciddiyetle \u00fcstlenmeli, i\u015fteki g\u00fcvenlik sorunlar\u0131n\u0131 ke\u015ffetmede iyi olmal\u0131, g\u00fcvenlik \u00fcretimi \u00f6nleme tedbirlerinin uygulanmas\u0131n\u0131 g\u00fc\u00e7lendirmeli ve d\u00fczenli ve kontrol edilebilir bir g\u00fcvenlik \u00fcretimi \u00f6nleme sistemi kurmal\u0131d\u0131r.<\/p>\n<p><span>\u00dc\u00e7\u00fcnc\u00fcs\u00fc, bir plan form\u00fcle edin ve d\u00fczenli bir \u015fekilde ilerleyin. Bir emniyet \u00fcretim plan\u0131 form\u00fcle edin, emniyet sorumluluklar\u0131n\u0131 belirleyin, bunu \u00fcretim ve i\u015f faaliyetlerinin t\u00fcm y\u00f6nlerine entegre edin ve plandaki her i\u015fi d\u00fczenli bir \u015fekilde ilerletin.<\/span><\/p>\n<p><img loading=\"lazy\" decoding=\"async\" src=\"\/wp-content\/uploads\/2021\/06\/Deputy-General-Manager-Fu-Jianchun-announced-the-Safety-Production-Month-Activity-Plan.jpg\" alt=\" geni\u015flik=\"880\" height=\"587\" class=\"alignnone wp-image-11856\" \/><\/p>\n<p>Genel M\u00fcd\u00fcr Yard\u0131mc\u0131s\u0131 Fu Jianchun, \u201cG\u00fcvenlik \u00dcretim Ay\u0131 Etkinlik Plan\u0131\u201dn\u0131 a\u00e7\u0131klad\u0131.<\/p>\n<p><img loading=\"lazy\" decoding=\"async\" src=\"\/wp-content\/uploads\/2021\/06\/Deputy-General-Manager-Li-Xiaoning-read-out-the-Notice-of-Summer-Heat-Prevention-Work.jpg\" alt=\" geni\u015flik=\"880\" height=\"587\" class=\"alignnone wp-image-11857\" \/><\/p>\n<p>Genel M\u00fcd\u00fcr Yard\u0131mc\u0131s\u0131 Li Xiaoning, \u201cYaz S\u0131caklar\u0131n\u0131n \u00d6nlenmesi \u00c7al\u0131\u015fmalar\u0131 Duyurusu\u201dnu okudu.<\/p>\n<p><img loading=\"lazy\" decoding=\"async\" src=\"\/wp-content\/uploads\/2021\/06\/Xue-Fengyan-Minister-of-Safety-and-Environment-Department-presided-over-the-ceremony.jpg\" alt=\" geni\u015flik=\"880\" height=\"587\" class=\"alignnone wp-image-11858\" \/><\/p>\n<p>T\u00f6rene G\u00fcvenlik ve \u00c7evre Departman\u0131 Bakan\u0131 Xue Fengyan ba\u015fkanl\u0131k etti.<\/p>\n<p><img loading=\"lazy\" decoding=\"async\" src=\"\/wp-content\/uploads\/2021\/06\/Oath-of-all-participants.jpg\" alt=\" geni\u015flik=\"880\" height=\"532\" class=\"alignnone wp-image-11859\" \/><\/p>\n<p><span>T\u00fcm kat\u0131l\u0131mc\u0131lar\u0131n yemini.<\/span><\/p>\n<p><span>Bu g\u00fcvenlik vaftizinden sonra, her \u00e7al\u0131\u015fan\u0131n ger\u00e7ekten g\u00fcvenlik yolculu\u011funa \u00e7\u0131kabilece\u011fine, g\u00fcvenlik hakk\u0131nda konu\u015fulmas\u0131n\u0131, kazalar\u0131n \u00f6nlenmesi gerekti\u011fini, g\u00fcvenli\u011fin unutulmamas\u0131n\u0131, \u00e7al\u0131\u015fmaktan mutlu olmas\u0131n\u0131 ve eve g\u00fcvenli bir \u015fekilde gitmesini sa\u011flayaca\u011f\u0131na inan\u0131yorum. Dafang Crane Group&#39;un g\u00fcvenli ve y\u00fcksek kaliteli geli\u015fimini desteklemek i\u00e7in \u00e7aba g\u00f6sterece\u011fiz.<\/span><\/p><\/p>","protected":false},"excerpt":{"rendered":"Genel M\u00fcd\u00fcr Liu Zijun, Genel M\u00fcd\u00fcr Yard\u0131mc\u0131s\u0131 Fu Jianchun, Li Xiaoning, Wang Yahui ve di\u011fer liderler ile 1.000&#39;den fazla \u00e7al\u0131\u015fan temsilcisi kat\u0131ld\u0131. Lansman t\u00f6renine G\u00fcvenlik ve \u00c7evre Bakan\u0131 Xue Fengyan ba\u015fkanl\u0131k etti. Genel M\u00fcd\u00fcr Yard\u0131mc\u0131s\u0131 Fu Jianchun, &quot;G\u00fcvenlik \u00dcretim Ay\u0131 Faaliyet Plan\u0131&quot;n\u0131 duyurdu. G\u00fcvenlik Bakan\u0131 Xue Fengyan [\u2026]","protected":false},"featured_media":5881,"parent":0,"menu_order":0,"template":"","posts_category":[7],"posts_tag":[],"acf":[],"_links":{"self":[{"href":"https:\/\/www.hndfcrane.com\/tr\/wp-json\/wp\/v2\/xmxposts\/6965"}],"collection":[{"href":"https:\/\/www.hndfcrane.com\/tr\/wp-json\/wp\/v2\/xmxposts"}],"about":[{"href":"https:\/\/www.hndfcrane.com\/tr\/wp-json\/wp\/v2\/types\/posts"}],"version-history":[{"count":0,"href":"https:\/\/www.hndfcrane.com\/tr\/wp-json\/wp\/v2\/xmxposts\/6965\/revisions"}],"wp:featuredmedia":[{"embeddable":true,"href":"https:\/\/www.hndfcrane.com\/tr\/wp-json\/wp\/v2\/media\/5881"}],"wp:attachment":[{"href":"https:\/\/www.hndfcrane.com\/tr\/wp-json\/wp\/v2\/media?parent=6965"}],"wp:term":[{"taxonomy":"posts_category","embeddable":true,"href":"https:\/\/www.hndfcrane.com\/tr\/wp-json\/wp\/v2\/posts_category?post=6965"},{"taxonomy":"posts_tag","embeddable":true,"href":"https:\/\/www.hndfcrane.com\/tr\/wp-json\/wp\/v2\/posts_tag?post=6965"}],"curies":[{"name":"wp","href":"https:\/\/api.w.org\/{rel}","templated":true}]}}